{"id":6072,"date":"2022-01-04T16:01:37","date_gmt":"2022-01-04T15:01:37","guid":{"rendered":"https:\/\/www.thurnfilm.de\/?p=6072"},"modified":"2022-01-04T16:56:05","modified_gmt":"2022-01-04T15:56:05","slug":"davide-gambino","status":"publish","type":"post","link":"https:\/\/www.thurnfilm.de\/en\/davide-gambino\/","title":{"rendered":"Davide Gambino"},"content":{"rendered":"<div data-elementor-type=\"wp-post\" data-elementor-id=\"6072\" class=\"elementor elementor-6072\" data-elementor-post-type=\"post\">\n\t\t\t\t\t\t<section class=\"elementor-section elementor-top-section elementor-element elementor-element-a2c5a8c elementor-section-boxed elementor-section-height-default elementor-section-height-default\" data-id=\"a2c5a8c\" data-element_type=\"section\" data-e-type=\"section\">\n\t\t\t\t\t\t<div class=\"elementor-container elementor-column-gap-default\">\n\t\t\t\t\t<div class=\"elementor-column elementor-col-100 elementor-top-column elementor-element elementor-element-60fb889\" data-id=\"60fb889\" data-element_type=\"column\" data-e-type=\"column\">\n\t\t\t<div class=\"elementor-widget-wrap elementor-element-populated\">\n\t\t\t\t\t\t<div class=\"elementor-element elementor-element-e74e6c4 elementor-widget elementor-widget-text-editor\" data-id=\"e74e6c4\" data-element_type=\"widget\" data-e-type=\"widget\" data-widget_type=\"text-editor.default\">\n\t\t\t\t<div class=\"elementor-widget-container\">\n\t\t\t\t\t\t\t\t\t<p><span style=\"color: #000000;\">Davide Gambino is an Italian film director and producer, graduated in 2012 from \"Centro Sperimentale di Cinematografia - Italian National Film School\". He is co-founder and executive producer of \"Mon Amour Films\", film production company based in Italy and active in the international market.\n\nIn 2012 his feature film documentary \"Pietra Pesante\" won the award as Best Young\nItalian Filmmaker from \"New York Film Academy\". In 2015 he is author and director of \"Il bar del Cassar\u00e0\", web-series co-produced by \"Rai Fiction\". In 2020 his feature-length documentary \"The second life\" is premiered at the \"Dok.Fest Munich 2020\", \"Warsaw Film Festival 2020\" and \"Biografilm Festival 2021\". The film, winner of several international awards, is co-produced by Germany, Belgium and Italy with some of the major European broadcasters such as \"Radio T\u00e9l\u00e9vision Belge\" (RTBF),  \"Westdeutscher Rundfunk\" (WDR) and \"ARTE\". In 2021 he presented a six-part Netflix docu-series called \"Vendetta: guerra nell'antimafia\", worldwide released in 194 countries.<\/span><\/p><p><span style=\"color: #000000;\">2012 gewann sein Dokumentarfilm &#8222;Pietra Pesante&#8220; den Preis als bester junger italienischer Filmemacher von der &#8222;New York Film Academy&#8220;. Im Jahr 2015 ist er Autor und Regisseur von &#8222;Il bar del Cassar\u00e0&#8220;, einer Webserie, die von &#8222;Rai Fiction&#8220; koproduziert wurde. Im Jahr 2020 feierte sein abendf\u00fcllender Dokumentarfilm &#8222;The Second Life&#8220; auf dem &#8222;Dok.Fest M\u00fcnchen 2020&#8220;, dem &#8222;Warsaw Film Festival 2020&#8220; und dem &#8222;Biografilm Festival 2021&#8220; Premieren. Der Film, international mehrfach ausgezeichnet, wird von Deutschland, Belgien und Italien mit einigen der gr\u00f6\u00dften europ\u00e4ischen Rundfunkanstalten wie &#8222;Radio T\u00e9l\u00e9vision Belge&#8220; (RTBF), &#8222;Westdeutscher Rundfunk&#8220; (WDR) und &#8222;ARTE&#8220; koproduziert. Im Jahr 2021 pr\u00e4sentierte er eine sechsteilige Netflix-Doku-Serie namens &#8222;Vendetta: Guerra nell&#8217;antimafia&#8220;, die weltweit in 194 L\u00e4ndern ausgestrahlt wird.<\/span><\/p><p><span style=\"color: #000000;\">His films and docu-series produced for TV, cinema and online platforms (OTT) tell stories with a strong social impact and with a personal and innovative style.<\/span><\/p><p><span style=\"color: #000000;\"><strong>Awards<\/strong>:<\/span><br \/><span style=\"color: #000000;\">2013 Best Young Italian Filmmaker f\u00fcr &#8222;Pietra Pesante&#8220;<\/span><br \/><span style=\"color: #000000;\">2021 Best documantary, SiciliAmbiente Film Festival f\u00fcr &#8222;The Second Life&#8220;<\/span><\/p>\t\t\t\t\t\t\t\t<\/div>\n\t\t\t\t<\/div>\n\t\t\t\t\t<\/div>\n\t\t<\/div>\n\t\t\t\t\t<\/div>\n\t\t<\/section>\n\t\t\t\t<\/div>","protected":false},"excerpt":{"rendered":"<p>Davide Gambino ist ein italienischer Filmregisseur und Produzent, der 2012 seinen Abschluss am &#8222;Centro Sperimentale di Cinematografia &#8211; Italienische Nationale Filmschule&#8220; absolvierte. Er ist Mitbegr\u00fcnder und ausf\u00fchrender Produzent von &#8222;Mon Amour Films&#8220;, einer Filmproduktionsfirma mit Sitz in Italien, die auf dem internationalen Markt t\u00e4tig ist. 2012 gewann sein Dokumentarfilm &#8222;Pietra Pesante&#8220; den Preis als bester [&hellip;]<\/p>\n","protected":false},"author":1,"featured_media":6073,"comment_status":"open","ping_status":"open","sticky":false,"template":"","format":"standard","meta":{"footnotes":""},"categories":[14],"tags":[],"class_list":["post-6072","post","type-post","status-publish","format-standard","has-post-thumbnail","hentry","category-autoren"],"_links":{"self":[{"href":"https:\/\/www.thurnfilm.de\/en\/wp-json\/wp\/v2\/posts\/6072","targetHints":{"allow":["GET"]}}],"collection":[{"href":"https:\/\/www.thurnfilm.de\/en\/wp-json\/wp\/v2\/posts"}],"about":[{"href":"https:\/\/www.thurnfilm.de\/en\/wp-json\/wp\/v2\/types\/post"}],"author":[{"embeddable":true,"href":"https:\/\/www.thurnfilm.de\/en\/wp-json\/wp\/v2\/users\/1"}],"replies":[{"embeddable":true,"href":"https:\/\/www.thurnfilm.de\/en\/wp-json\/wp\/v2\/comments?post=6072"}],"version-history":[{"count":8,"href":"https:\/\/www.thurnfilm.de\/en\/wp-json\/wp\/v2\/posts\/6072\/revisions"}],"predecessor-version":[{"id":6083,"href":"https:\/\/www.thurnfilm.de\/en\/wp-json\/wp\/v2\/posts\/6072\/revisions\/6083"}],"wp:featuredmedia":[{"embeddable":true,"href":"https:\/\/www.thurnfilm.de\/en\/wp-json\/wp\/v2\/media\/6073"}],"wp:attachment":[{"href":"https:\/\/www.thurnfilm.de\/en\/wp-json\/wp\/v2\/media?parent=6072"}],"wp:term":[{"taxonomy":"category","embeddable":true,"href":"https:\/\/www.thurnfilm.de\/en\/wp-json\/wp\/v2\/categories?post=6072"},{"taxonomy":"post_tag","embeddable":true,"href":"https:\/\/www.thurnfilm.de\/en\/wp-json\/wp\/v2\/tags?post=6072"}],"curies":[{"name":"wp","href":"https:\/\/api.w.org\/{rel}","templated":true}]}}