{"id":5226,"date":"2021-07-09T10:40:01","date_gmt":"2021-07-09T08:40:01","guid":{"rendered":"https:\/\/www.thurnfilm.de\/?p=5226"},"modified":"2021-09-17T12:23:29","modified_gmt":"2021-09-17T10:23:29","slug":"traeum-weiter-naturvision-nominierung","status":"publish","type":"post","link":"https:\/\/www.thurnfilm.de\/en\/traeum-weiter-naturvision-nominierung\/","title":{"rendered":"Dream On! Nomination \"NaturVision Film Award RETHINK\""},"content":{"rendered":"<p>We are very pleased that Valentin Thurn's new cinema documentary \"Dream On! Yearning for Change\" has been nominated for the category \"NaturVision Film Award RETHINKING\" in the international competition at the 20th NaturVision Film Festival Ludwigsburg. <br><br>This year's NaturVision Anniversary Film Festival will take place ONLINE from July 14 to 18, 2021. To see \"Dream on!\", however, you will have to wait until the theatrical release in fall 2021.<\/p>\n\n\n\n<p class=\"translation-block\">&lt;Documentary filmmaker Valentin<\/em> <em>Thurn followed the protagonists of his film DREAM ON! for around three years. In the process, the car<\/em>r <em>and director pursued the question of how people who want to escape their daily grind, the saying<\/em> <em>\"Live your dream!\" with meaning and implement in the<\/em> <em>act.<\/em><\/p>\n\n\n\n<p>More info about the film can be found <a rel=\"noreferrer noopener\" href=\"https:\/\/www.traeumweiter-doku.de\/\" target=\"_blank\">here<\/a> and <a href=\"https:\/\/www.thurnfilm.de\/en\/traeum-weiter\/\" target=\"_blank\" rel=\"noreferrer noopener\">here<\/a>.<br>More info about the festival can be found <a rel=\"noreferrer noopener\" href=\"https:\/\/natur-vision.de\/\" target=\"_blank\">here<\/a>.<\/p>\n\n\n\n<p><\/p>","protected":false},"excerpt":{"rendered":"<p>Wir freuen uns sehr, dass Valentin Thurns neuer Kinodokumentarfilm &#8222;Tr\u00e4um Weiter! Sehnsucht nach Ver\u00e4nderung&#8220; beim 20. NaturVision Filmfestival Ludwigsburg im internationalen Wettbewerb f\u00fcr die Kategorie &#8222;NaturVision Filmpreis UMDENKEN&#8220; nominiert wurde. Das diesj\u00e4hrige NaturVision Jubil\u00e4umsfilmfestival findet ONLINE vom 14. bis 18. Juli 2021 statt. Um &#8222;Tr\u00e4um weiter!&#8220; zu sehen, m\u00fcsst ihr euch allerdings noch bis zum [&hellip;]<\/p>\n","protected":false},"author":1,"featured_media":5754,"comment_status":"open","ping_status":"open","sticky":false,"template":"","format":"standard","meta":{"footnotes":""},"categories":[8],"tags":[],"class_list":["post-5226","post","type-post","status-publish","format-standard","has-post-thumbnail","hentry","category-aktuelles"],"_links":{"self":[{"href":"https:\/\/www.thurnfilm.de\/en\/wp-json\/wp\/v2\/posts\/5226","targetHints":{"allow":["GET"]}}],"collection":[{"href":"https:\/\/www.thurnfilm.de\/en\/wp-json\/wp\/v2\/posts"}],"about":[{"href":"https:\/\/www.thurnfilm.de\/en\/wp-json\/wp\/v2\/types\/post"}],"author":[{"embeddable":true,"href":"https:\/\/www.thurnfilm.de\/en\/wp-json\/wp\/v2\/users\/1"}],"replies":[{"embeddable":true,"href":"https:\/\/www.thurnfilm.de\/en\/wp-json\/wp\/v2\/comments?post=5226"}],"version-history":[{"count":9,"href":"https:\/\/www.thurnfilm.de\/en\/wp-json\/wp\/v2\/posts\/5226\/revisions"}],"predecessor-version":[{"id":5497,"href":"https:\/\/www.thurnfilm.de\/en\/wp-json\/wp\/v2\/posts\/5226\/revisions\/5497"}],"wp:featuredmedia":[{"embeddable":true,"href":"https:\/\/www.thurnfilm.de\/en\/wp-json\/wp\/v2\/media\/5754"}],"wp:attachment":[{"href":"https:\/\/www.thurnfilm.de\/en\/wp-json\/wp\/v2\/media?parent=5226"}],"wp:term":[{"taxonomy":"category","embeddable":true,"href":"https:\/\/www.thurnfilm.de\/en\/wp-json\/wp\/v2\/categories?post=5226"},{"taxonomy":"post_tag","embeddable":true,"href":"https:\/\/www.thurnfilm.de\/en\/wp-json\/wp\/v2\/tags?post=5226"}],"curies":[{"name":"wp","href":"https:\/\/api.w.org\/{rel}","templated":true}]}}